{"id":2627,"date":"2023-05-16T04:40:02","date_gmt":"2023-05-16T04:40:02","guid":{"rendered":"https:\/\/theconcilio.org\/2023\/05\/consejos-de-aprendizaje-de-verano-para-padres\/"},"modified":"2024-05-30T21:10:28","modified_gmt":"2024-05-30T21:10:28","slug":"consejos-de-aprendizaje-de-verano-para-padres","status":"publish","type":"post","link":"https:\/\/theconcilio.org\/es\/2023\/05\/consejos-de-aprendizaje-de-verano-para-padres\/","title":{"rendered":"El Concilio es una organizaci\u00f3n pionera para las comunidades latinas locales"},"content":{"rendered":"\n<p>DALLAS (KDAF) &#8211; Desde 1982, <a href=\"http:\/\/theconclio.org\/\" target=\"_blank\" rel=\"noreferrer noopener\">El Concilio<\/a> ha estado construyendo comunidades desbloqueando oportunidades, para latinos y otras familias diversas aqu\u00ed mismo, en DFW.<\/p>\n\n<p>Me sent\u00e9 con la Directora General y Presidenta, Florencia Velasco Fortner, para que me explicara por qu\u00e9 ha sido reconocida por su pasi\u00f3n por ayudar a los necesitados.<\/p>\n\n<p>Dice: \u00abCreo que me siento abrumada por la atenci\u00f3n que hemos recibido personalmente, pero profesionalmente creo que es una de las mejores cosas que le han pasado a El Concilio\u00bb.<\/p>\n\n<p>Durante 41 a\u00f1os, esta peque\u00f1a pero poderosa organizaci\u00f3n ha sido conocida por hacer un buen trabajo en silencio, dando a las generaciones futuras una base s\u00f3lida. Desde COVID, tuvieron que expandirse r\u00e1pidamente para ayudar a los residentes a llevar una vida mejor. Contin\u00faa diciendo que el amor por dar le viene de sus padres.<\/p>\n\n<p>\u00abSiempre han sido mis mentores, mis mejores amigos, y son las personas que me han llevado hasta donde estoy\u00bb. Fortner aprendi\u00f3 pronto lo que significa amar al pr\u00f3jimo, y recuerda que al principio de su carrera, nada m\u00e1s salir de la universidad, estuvo trabajando con bandas en California, donde aprendi\u00f3 la importancia del compromiso de los padres y de trabajar con toda la familia y de ver a los ni\u00f1os de forma hol\u00edstica, y \u00e9se fue el comienzo del viaje que la llev\u00f3 a El Concilio.<\/p>\n\n<p>Ha sido Presidenta y Directora General durante 18 a\u00f1os, y sigue viendo la importancia de salir a la comunidad para escuchar esos testimonios de la vida real de los residentes y c\u00f3mo sus vidas han cambiado radicalmente tras recibir ayuda de El Concilio.<\/p>\n\n<p>Fortner y el equipo de su organizaci\u00f3n sin \u00e1nimo de lucro han sido galardonados en 2023 con el Premio Trailblazer Citation del Instituto George W. Bush, un honor que se concede anualmente a un innovador que haya inspirado y enriquecido la calidad de vida en el norte de Texas.<\/p>\n","protected":false},"excerpt":{"rendered":"<p>DALLAS (KDAF) &#8211; Desde 1982, El Concilio ha estado construyendo comunidades desbloqueando oportunidades, para latinos y otras familias diversas aqu\u00ed mismo, en DFW. Me sent\u00e9 con la Directora General y Presidenta, Florencia Velasco Fortner, para que me explicara por qu\u00e9 ha sido reconocida por su pasi\u00f3n por ayudar a los necesitados. Dice: \u00abCreo que me [&hellip;]<\/p>\n","protected":false},"author":2,"featured_media":5225,"comment_status":"open","ping_status":"open","sticky":false,"template":"","format":"standard","meta":{"_acf_changed":false,"footnotes":""},"categories":[32],"tags":[],"class_list":["post-2627","post","type-post","status-publish","format-standard","has-post-thumbnail","hentry","category-blog-es"],"acf":[],"yoast_head":"<!-- This site is optimized with the Yoast SEO plugin v27.5 - https:\/\/yoast.com\/product\/yoast-seo-wordpress\/ -->\n<title>El Concilio es una organizaci\u00f3n pionera para las comunidades latinas locales -<\/title>\n<meta name=\"robots\" content=\"index, follow, max-snippet:-1, max-image-preview:large, max-video-preview:-1\" \/>\n<link rel=\"canonical\" href=\"https:\/\/theconcilio.org\/2023\/05\/the-concilio-is-a-trailblazing-organization-for-local-latino-communities\/\" \/>\n<meta property=\"og:locale\" content=\"es_ES\" \/>\n<meta property=\"og:type\" content=\"article\" \/>\n<meta property=\"og:title\" content=\"El Concilio es una organizaci\u00f3n pionera para las comunidades latinas locales -\" \/>\n<meta property=\"og:description\" content=\"DALLAS (KDAF) &#8211; Desde 1982, El Concilio ha estado construyendo comunidades desbloqueando oportunidades, para latinos y otras familias diversas aqu\u00ed mismo, en DFW. Me sent\u00e9 con la Directora General y Presidenta, Florencia Velasco Fortner, para que me explicara por qu\u00e9 ha sido reconocida por su pasi\u00f3n por ayudar a los necesitados. Dice: \u00abCreo que me [&hellip;]\" \/>\n<meta property=\"og:url\" content=\"https:\/\/theconcilio.org\/2023\/05\/the-concilio-is-a-trailblazing-organization-for-local-latino-communities\/\" \/>\n<meta property=\"article:publisher\" content=\"https:\/\/www.facebook.com\/theconcilio\" \/>\n<meta property=\"article:published_time\" content=\"2023-05-16T04:40:02+00:00\" \/>\n<meta property=\"article:modified_time\" content=\"2024-05-30T21:10:28+00:00\" \/>\n<meta property=\"og:image\" content=\"https:\/\/theconcilio.org\/wp-content\/uploads\/2023\/05\/Screenshot-25-1.png\" \/>\n\t<meta property=\"og:image:width\" content=\"517\" \/>\n\t<meta property=\"og:image:height\" content=\"289\" \/>\n\t<meta property=\"og:image:type\" content=\"image\/png\" \/>\n<meta name=\"author\" content=\"farooq vali\" \/>\n<meta name=\"twitter:card\" content=\"summary_large_image\" \/>\n<meta name=\"twitter:label1\" content=\"Escrito por\" \/>\n\t<meta name=\"twitter:data1\" content=\"farooq vali\" \/>\n\t<meta name=\"twitter:label2\" content=\"Tiempo de lectura\" \/>\n\t<meta name=\"twitter:data2\" content=\"2 minutos\" \/>\n<script type=\"application\/ld+json\" class=\"yoast-schema-graph\">{\"@context\":\"https:\\\/\\\/schema.org\",\"@graph\":[{\"@type\":\"Article\",\"@id\":\"https:\\\/\\\/theconcilio.org\\\/2023\\\/05\\\/the-concilio-is-a-trailblazing-organization-for-local-latino-communities\\\/#article\",\"isPartOf\":{\"@id\":\"https:\\\/\\\/theconcilio.org\\\/2023\\\/05\\\/the-concilio-is-a-trailblazing-organization-for-local-latino-communities\\\/\"},\"author\":{\"name\":\"farooq vali\",\"@id\":\"https:\\\/\\\/theconcilio.org\\\/#\\\/schema\\\/person\\\/146975a27cf69fdc9c49fb60af54d57e\"},\"headline\":\"El Concilio es una organizaci\u00f3n pionera para las comunidades latinas locales\",\"datePublished\":\"2023-05-16T04:40:02+00:00\",\"dateModified\":\"2024-05-30T21:10:28+00:00\",\"mainEntityOfPage\":{\"@id\":\"https:\\\/\\\/theconcilio.org\\\/2023\\\/05\\\/the-concilio-is-a-trailblazing-organization-for-local-latino-communities\\\/\"},\"wordCount\":336,\"commentCount\":0,\"publisher\":{\"@id\":\"https:\\\/\\\/theconcilio.org\\\/#organization\"},\"image\":{\"@id\":\"https:\\\/\\\/theconcilio.org\\\/2023\\\/05\\\/the-concilio-is-a-trailblazing-organization-for-local-latino-communities\\\/#primaryimage\"},\"thumbnailUrl\":\"https:\\\/\\\/theconcilio.org\\\/wp-content\\\/uploads\\\/2023\\\/05\\\/Screenshot-25-1.png\",\"articleSection\":[\"Blog\"],\"inLanguage\":\"es\",\"potentialAction\":[{\"@type\":\"CommentAction\",\"name\":\"Comment\",\"target\":[\"https:\\\/\\\/theconcilio.org\\\/2023\\\/05\\\/the-concilio-is-a-trailblazing-organization-for-local-latino-communities\\\/#respond\"]}]},{\"@type\":\"WebPage\",\"@id\":\"https:\\\/\\\/theconcilio.org\\\/2023\\\/05\\\/the-concilio-is-a-trailblazing-organization-for-local-latino-communities\\\/\",\"url\":\"https:\\\/\\\/theconcilio.org\\\/2023\\\/05\\\/the-concilio-is-a-trailblazing-organization-for-local-latino-communities\\\/\",\"name\":\"El Concilio es una organizaci\u00f3n pionera para las comunidades latinas locales -\",\"isPartOf\":{\"@id\":\"https:\\\/\\\/theconcilio.org\\\/#website\"},\"primaryImageOfPage\":{\"@id\":\"https:\\\/\\\/theconcilio.org\\\/2023\\\/05\\\/the-concilio-is-a-trailblazing-organization-for-local-latino-communities\\\/#primaryimage\"},\"image\":{\"@id\":\"https:\\\/\\\/theconcilio.org\\\/2023\\\/05\\\/the-concilio-is-a-trailblazing-organization-for-local-latino-communities\\\/#primaryimage\"},\"thumbnailUrl\":\"https:\\\/\\\/theconcilio.org\\\/wp-content\\\/uploads\\\/2023\\\/05\\\/Screenshot-25-1.png\",\"datePublished\":\"2023-05-16T04:40:02+00:00\",\"dateModified\":\"2024-05-30T21:10:28+00:00\",\"breadcrumb\":{\"@id\":\"https:\\\/\\\/theconcilio.org\\\/2023\\\/05\\\/the-concilio-is-a-trailblazing-organization-for-local-latino-communities\\\/#breadcrumb\"},\"inLanguage\":\"es\",\"potentialAction\":[{\"@type\":\"ReadAction\",\"target\":[\"https:\\\/\\\/theconcilio.org\\\/2023\\\/05\\\/the-concilio-is-a-trailblazing-organization-for-local-latino-communities\\\/\"]}]},{\"@type\":\"ImageObject\",\"inLanguage\":\"es\",\"@id\":\"https:\\\/\\\/theconcilio.org\\\/2023\\\/05\\\/the-concilio-is-a-trailblazing-organization-for-local-latino-communities\\\/#primaryimage\",\"url\":\"https:\\\/\\\/theconcilio.org\\\/wp-content\\\/uploads\\\/2023\\\/05\\\/Screenshot-25-1.png\",\"contentUrl\":\"https:\\\/\\\/theconcilio.org\\\/wp-content\\\/uploads\\\/2023\\\/05\\\/Screenshot-25-1.png\",\"width\":517,\"height\":289},{\"@type\":\"BreadcrumbList\",\"@id\":\"https:\\\/\\\/theconcilio.org\\\/2023\\\/05\\\/the-concilio-is-a-trailblazing-organization-for-local-latino-communities\\\/#breadcrumb\",\"itemListElement\":[{\"@type\":\"ListItem\",\"position\":1,\"name\":\"Home\",\"item\":\"https:\\\/\\\/theconcilio.org\\\/es\\\/\"},{\"@type\":\"ListItem\",\"position\":2,\"name\":\"El Concilio es una organizaci\u00f3n pionera para las comunidades latinas locales\"}]},{\"@type\":\"WebSite\",\"@id\":\"https:\\\/\\\/theconcilio.org\\\/#website\",\"url\":\"https:\\\/\\\/theconcilio.org\\\/\",\"name\":\"The Concilio\",\"description\":\"\",\"publisher\":{\"@id\":\"https:\\\/\\\/theconcilio.org\\\/#organization\"},\"potentialAction\":[{\"@type\":\"SearchAction\",\"target\":{\"@type\":\"EntryPoint\",\"urlTemplate\":\"https:\\\/\\\/theconcilio.org\\\/?s={search_term_string}\"},\"query-input\":{\"@type\":\"PropertyValueSpecification\",\"valueRequired\":true,\"valueName\":\"search_term_string\"}}],\"inLanguage\":\"es\"},{\"@type\":\"Organization\",\"@id\":\"https:\\\/\\\/theconcilio.org\\\/#organization\",\"name\":\"The Concilio\",\"url\":\"https:\\\/\\\/theconcilio.org\\\/\",\"logo\":{\"@type\":\"ImageObject\",\"inLanguage\":\"es\",\"@id\":\"https:\\\/\\\/theconcilio.org\\\/#\\\/schema\\\/logo\\\/image\\\/\",\"url\":\"https:\\\/\\\/theconcilio.org\\\/wp-content\\\/uploads\\\/2023\\\/05\\\/Stacked_Logo_RGB_transparent_bkgd.jpeg\",\"contentUrl\":\"https:\\\/\\\/theconcilio.org\\\/wp-content\\\/uploads\\\/2023\\\/05\\\/Stacked_Logo_RGB_transparent_bkgd.jpeg\",\"width\":500,\"height\":312,\"caption\":\"The Concilio\"},\"image\":{\"@id\":\"https:\\\/\\\/theconcilio.org\\\/#\\\/schema\\\/logo\\\/image\\\/\"},\"sameAs\":[\"https:\\\/\\\/www.facebook.com\\\/theconcilio\",\"https:\\\/\\\/www.instagram.com\\\/theconcilio\",\"https:\\\/\\\/www.linkedin.com\\\/company\\\/the-concilio\\\/\"]},{\"@type\":\"Person\",\"@id\":\"https:\\\/\\\/theconcilio.org\\\/#\\\/schema\\\/person\\\/146975a27cf69fdc9c49fb60af54d57e\",\"name\":\"farooq vali\",\"image\":{\"@type\":\"ImageObject\",\"inLanguage\":\"es\",\"@id\":\"https:\\\/\\\/secure.gravatar.com\\\/avatar\\\/dfb3e9b938c2f5dca6d129bd8e8a7e56583157eba862c8d26c8d5c4ef4b66fba?s=96&d=mm&r=g\",\"url\":\"https:\\\/\\\/secure.gravatar.com\\\/avatar\\\/dfb3e9b938c2f5dca6d129bd8e8a7e56583157eba862c8d26c8d5c4ef4b66fba?s=96&d=mm&r=g\",\"contentUrl\":\"https:\\\/\\\/secure.gravatar.com\\\/avatar\\\/dfb3e9b938c2f5dca6d129bd8e8a7e56583157eba862c8d26c8d5c4ef4b66fba?s=96&d=mm&r=g\",\"caption\":\"farooq vali\"},\"url\":\"https:\\\/\\\/theconcilio.org\\\/es\\\/author\\\/farooq\\\/\"}]}<\/script>\n<!-- \/ Yoast SEO plugin. -->","yoast_head_json":{"title":"El Concilio es una organizaci\u00f3n pionera para las comunidades latinas locales -","robots":{"index":"index","follow":"follow","max-snippet":"max-snippet:-1","max-image-preview":"max-image-preview:large","max-video-preview":"max-video-preview:-1"},"canonical":"https:\/\/theconcilio.org\/2023\/05\/the-concilio-is-a-trailblazing-organization-for-local-latino-communities\/","og_locale":"es_ES","og_type":"article","og_title":"El Concilio es una organizaci\u00f3n pionera para las comunidades latinas locales -","og_description":"DALLAS (KDAF) &#8211; Desde 1982, El Concilio ha estado construyendo comunidades desbloqueando oportunidades, para latinos y otras familias diversas aqu\u00ed mismo, en DFW. Me sent\u00e9 con la Directora General y Presidenta, Florencia Velasco Fortner, para que me explicara por qu\u00e9 ha sido reconocida por su pasi\u00f3n por ayudar a los necesitados. Dice: \u00abCreo que me [&hellip;]","og_url":"https:\/\/theconcilio.org\/2023\/05\/the-concilio-is-a-trailblazing-organization-for-local-latino-communities\/","article_publisher":"https:\/\/www.facebook.com\/theconcilio","article_published_time":"2023-05-16T04:40:02+00:00","article_modified_time":"2024-05-30T21:10:28+00:00","og_image":[{"width":517,"height":289,"url":"https:\/\/theconcilio.org\/wp-content\/uploads\/2023\/05\/Screenshot-25-1.png","type":"image\/png"}],"author":"farooq vali","twitter_card":"summary_large_image","twitter_misc":{"Escrito por":"farooq vali","Tiempo de lectura":"2 minutos"},"schema":{"@context":"https:\/\/schema.org","@graph":[{"@type":"Article","@id":"https:\/\/theconcilio.org\/2023\/05\/the-concilio-is-a-trailblazing-organization-for-local-latino-communities\/#article","isPartOf":{"@id":"https:\/\/theconcilio.org\/2023\/05\/the-concilio-is-a-trailblazing-organization-for-local-latino-communities\/"},"author":{"name":"farooq vali","@id":"https:\/\/theconcilio.org\/#\/schema\/person\/146975a27cf69fdc9c49fb60af54d57e"},"headline":"El Concilio es una organizaci\u00f3n pionera para las comunidades latinas locales","datePublished":"2023-05-16T04:40:02+00:00","dateModified":"2024-05-30T21:10:28+00:00","mainEntityOfPage":{"@id":"https:\/\/theconcilio.org\/2023\/05\/the-concilio-is-a-trailblazing-organization-for-local-latino-communities\/"},"wordCount":336,"commentCount":0,"publisher":{"@id":"https:\/\/theconcilio.org\/#organization"},"image":{"@id":"https:\/\/theconcilio.org\/2023\/05\/the-concilio-is-a-trailblazing-organization-for-local-latino-communities\/#primaryimage"},"thumbnailUrl":"https:\/\/theconcilio.org\/wp-content\/uploads\/2023\/05\/Screenshot-25-1.png","articleSection":["Blog"],"inLanguage":"es","potentialAction":[{"@type":"CommentAction","name":"Comment","target":["https:\/\/theconcilio.org\/2023\/05\/the-concilio-is-a-trailblazing-organization-for-local-latino-communities\/#respond"]}]},{"@type":"WebPage","@id":"https:\/\/theconcilio.org\/2023\/05\/the-concilio-is-a-trailblazing-organization-for-local-latino-communities\/","url":"https:\/\/theconcilio.org\/2023\/05\/the-concilio-is-a-trailblazing-organization-for-local-latino-communities\/","name":"El Concilio es una organizaci\u00f3n pionera para las comunidades latinas locales -","isPartOf":{"@id":"https:\/\/theconcilio.org\/#website"},"primaryImageOfPage":{"@id":"https:\/\/theconcilio.org\/2023\/05\/the-concilio-is-a-trailblazing-organization-for-local-latino-communities\/#primaryimage"},"image":{"@id":"https:\/\/theconcilio.org\/2023\/05\/the-concilio-is-a-trailblazing-organization-for-local-latino-communities\/#primaryimage"},"thumbnailUrl":"https:\/\/theconcilio.org\/wp-content\/uploads\/2023\/05\/Screenshot-25-1.png","datePublished":"2023-05-16T04:40:02+00:00","dateModified":"2024-05-30T21:10:28+00:00","breadcrumb":{"@id":"https:\/\/theconcilio.org\/2023\/05\/the-concilio-is-a-trailblazing-organization-for-local-latino-communities\/#breadcrumb"},"inLanguage":"es","potentialAction":[{"@type":"ReadAction","target":["https:\/\/theconcilio.org\/2023\/05\/the-concilio-is-a-trailblazing-organization-for-local-latino-communities\/"]}]},{"@type":"ImageObject","inLanguage":"es","@id":"https:\/\/theconcilio.org\/2023\/05\/the-concilio-is-a-trailblazing-organization-for-local-latino-communities\/#primaryimage","url":"https:\/\/theconcilio.org\/wp-content\/uploads\/2023\/05\/Screenshot-25-1.png","contentUrl":"https:\/\/theconcilio.org\/wp-content\/uploads\/2023\/05\/Screenshot-25-1.png","width":517,"height":289},{"@type":"BreadcrumbList","@id":"https:\/\/theconcilio.org\/2023\/05\/the-concilio-is-a-trailblazing-organization-for-local-latino-communities\/#breadcrumb","itemListElement":[{"@type":"ListItem","position":1,"name":"Home","item":"https:\/\/theconcilio.org\/es\/"},{"@type":"ListItem","position":2,"name":"El Concilio es una organizaci\u00f3n pionera para las comunidades latinas locales"}]},{"@type":"WebSite","@id":"https:\/\/theconcilio.org\/#website","url":"https:\/\/theconcilio.org\/","name":"The Concilio","description":"","publisher":{"@id":"https:\/\/theconcilio.org\/#organization"},"potentialAction":[{"@type":"SearchAction","target":{"@type":"EntryPoint","urlTemplate":"https:\/\/theconcilio.org\/?s={search_term_string}"},"query-input":{"@type":"PropertyValueSpecification","valueRequired":true,"valueName":"search_term_string"}}],"inLanguage":"es"},{"@type":"Organization","@id":"https:\/\/theconcilio.org\/#organization","name":"The Concilio","url":"https:\/\/theconcilio.org\/","logo":{"@type":"ImageObject","inLanguage":"es","@id":"https:\/\/theconcilio.org\/#\/schema\/logo\/image\/","url":"https:\/\/theconcilio.org\/wp-content\/uploads\/2023\/05\/Stacked_Logo_RGB_transparent_bkgd.jpeg","contentUrl":"https:\/\/theconcilio.org\/wp-content\/uploads\/2023\/05\/Stacked_Logo_RGB_transparent_bkgd.jpeg","width":500,"height":312,"caption":"The Concilio"},"image":{"@id":"https:\/\/theconcilio.org\/#\/schema\/logo\/image\/"},"sameAs":["https:\/\/www.facebook.com\/theconcilio","https:\/\/www.instagram.com\/theconcilio","https:\/\/www.linkedin.com\/company\/the-concilio\/"]},{"@type":"Person","@id":"https:\/\/theconcilio.org\/#\/schema\/person\/146975a27cf69fdc9c49fb60af54d57e","name":"farooq vali","image":{"@type":"ImageObject","inLanguage":"es","@id":"https:\/\/secure.gravatar.com\/avatar\/dfb3e9b938c2f5dca6d129bd8e8a7e56583157eba862c8d26c8d5c4ef4b66fba?s=96&d=mm&r=g","url":"https:\/\/secure.gravatar.com\/avatar\/dfb3e9b938c2f5dca6d129bd8e8a7e56583157eba862c8d26c8d5c4ef4b66fba?s=96&d=mm&r=g","contentUrl":"https:\/\/secure.gravatar.com\/avatar\/dfb3e9b938c2f5dca6d129bd8e8a7e56583157eba862c8d26c8d5c4ef4b66fba?s=96&d=mm&r=g","caption":"farooq vali"},"url":"https:\/\/theconcilio.org\/es\/author\/farooq\/"}]}},"_links":{"self":[{"href":"https:\/\/theconcilio.org\/es\/wp-json\/wp\/v2\/posts\/2627","targetHints":{"allow":["GET"]}}],"collection":[{"href":"https:\/\/theconcilio.org\/es\/wp-json\/wp\/v2\/posts"}],"about":[{"href":"https:\/\/theconcilio.org\/es\/wp-json\/wp\/v2\/types\/post"}],"author":[{"embeddable":true,"href":"https:\/\/theconcilio.org\/es\/wp-json\/wp\/v2\/users\/2"}],"replies":[{"embeddable":true,"href":"https:\/\/theconcilio.org\/es\/wp-json\/wp\/v2\/comments?post=2627"}],"version-history":[{"count":11,"href":"https:\/\/theconcilio.org\/es\/wp-json\/wp\/v2\/posts\/2627\/revisions"}],"predecessor-version":[{"id":5227,"href":"https:\/\/theconcilio.org\/es\/wp-json\/wp\/v2\/posts\/2627\/revisions\/5227"}],"wp:featuredmedia":[{"embeddable":true,"href":"https:\/\/theconcilio.org\/es\/wp-json\/wp\/v2\/media\/5225"}],"wp:attachment":[{"href":"https:\/\/theconcilio.org\/es\/wp-json\/wp\/v2\/media?parent=2627"}],"wp:term":[{"taxonomy":"category","embeddable":true,"href":"https:\/\/theconcilio.org\/es\/wp-json\/wp\/v2\/categories?post=2627"},{"taxonomy":"post_tag","embeddable":true,"href":"https:\/\/theconcilio.org\/es\/wp-json\/wp\/v2\/tags?post=2627"}],"curies":[{"name":"wp","href":"https:\/\/api.w.org\/{rel}","templated":true}]}}